{"id":5680456,"date":"2020-11-10T17:29:43","date_gmt":"2020-11-10T17:29:43","guid":{"rendered":"https:\/\/www.tria.pt\/?p=5680456"},"modified":"2024-01-16T08:15:20","modified_gmt":"2024-01-16T08:15:20","slug":"cuf-tejo-lisboa","status":"publish","type":"post","link":"https:\/\/www.tria.pt\/pt\/cuf-tejo-lisboa\/","title":{"rendered":"CUF Tejo, Lisboa"},"content":{"rendered":"[vc_row][vc_column][vc_column_text]\n<div>\n<p>\u00c9 com orgulho que anunciamos que o novo Hospital CUF Tejo situado em Alc\u00e2ntara, Lisboa, foi totalmente fornecido com Portas T\u00e9cnicas TRIA, em estreita parceria com o nosso cliente <a href=\"https:\/\/www.teixeiraduarte.pt\/\"><b>TEIXEIRA DUARTE<\/b><\/a>.<\/p>\n<p>Desenhado por<b>\u00a0<a href=\"https:\/\/www.fvarq.com\/\">Frederico Valsassina Architects<\/a><\/b>\u00a0e desenvolvido por\u00a0<a href=\"https:\/\/engexpor.com\/\"><b>Engexpor<\/b><\/a>, o novo Hospital #CUFTejo \u00e9 um projecto de \u20ac170 milh\u00f5es com uma \u00e1rea total de 75.000 m<sup>2<\/sup>.<\/p>\n<\/div>\n<div>\n<p>Para o projeto foram escolhidas as seguintes Portas T\u00e9cnicas Resistentes ao Fogo e ac\u00fasticas: portas de met\u00e1licas, portas de madeira, portas\/port\u00f5es de correr e envidra\u00e7ados (Sistema Fogofil).<\/p>\n<p>E o nosso trabalho n\u00e3o parou por ai, tamb\u00e9m instalamos: o nosso sistema de selagens corta-fogo, cortinas corta-fogo e de barreira de fumos, e as condutas de extra\u00e7\u00e3o de fumos.<\/p>\n<\/div>\n[\/vc_column_text][vc_empty_space height=&#8221;40px&#8221;][\/vc_column][\/vc_row][vc_row][vc_column]<div class=\"norebro-slider-sc slider-wrap\">\n\t<div class=\"slider norebro-slider  full nav-inset\" \n\tid=\"norebro-custom-69ef777e27fba\" \n\tdata-norebro-slider='{\"loop\":true,\"dots\":true,\"nav\":true,\"autoplay\":false,\"autoplayHoverPause\":true,\"navContainerClass\":\"slider-nav\",\"itemsDesktop\":\"4\",\"itemsTablet\":\"3\",\"itemsMobile\":\"1\",\"dotsEach\":\"1\",\"slideBy\":\"1\",\"autoplayTimeout\":\"5\"}' \n\t\t>\n\n\t\t<div class=\"slider-wrap\">\n\n\t[vc_single_image image=&#8221;5680486&#8243; img_size=&#8221;large&#8221; onclick=&#8221;link_image&#8221;]\t\n<\/div><div class=\"slider-wrap\">\n\n\t[vc_single_image image=&#8221;5680488&#8243; img_size=&#8221;large&#8221; onclick=&#8221;link_image&#8221;]\t\n<\/div><div class=\"slider-wrap\">\n\n\t[vc_single_image image=&#8221;5680514&#8243; img_size=&#8221;large&#8221; onclick=&#8221;link_image&#8221;]\t\n<\/div><div class=\"slider-wrap\">\n\n\t[vc_single_image image=&#8221;5680512&#8243; img_size=&#8221;large&#8221; onclick=&#8221;link_image&#8221;]\t\n<\/div><div class=\"slider-wrap\">\n\n\t[vc_single_image image=&#8221;5680474&#8243; img_size=&#8221;large&#8221; onclick=&#8221;link_image&#8221;]\t\n<\/div><div class=\"slider-wrap\">\n\n\t[vc_single_image image=&#8221;5680496&#8243; img_size=&#8221;large&#8221; onclick=&#8221;link_image&#8221;]\t\n<\/div><div class=\"slider-wrap\">\n\n\t[vc_single_image image=&#8221;5680498&#8243; img_size=&#8221;large&#8221; onclick=&#8221;link_image&#8221;]\t\n<\/div><div class=\"slider-wrap\">\n\n\t[vc_single_image image=&#8221;5680500&#8243; img_size=&#8221;large&#8221; onclick=&#8221;link_image&#8221;]\t\n<\/div><div class=\"slider-wrap\">\n\n\t[vc_single_image image=&#8221;5680502&#8243; img_size=&#8221;large&#8221; onclick=&#8221;link_image&#8221;]\t\n<\/div><div class=\"slider-wrap\">\n\n\t[vc_single_image image=&#8221;5680472&#8243; img_size=&#8221;large&#8221; onclick=&#8221;link_image&#8221;]\t\n<\/div>\t\t\n\t<\/div>\n<\/div>[vc_empty_space height=&#8221;20px&#8221;][vc_video link=&#8221;https:\/\/www.youtube.com\/watch?v=LiPqU0HvTJQ&amp;feature=youtu.be&amp;ab_channel=CUF&#8221;][vc_empty_space height=&#8221;40px&#8221;][\/vc_column][\/vc_row][vc_row][vc_column width=&#8221;3\/12&#8243;][vc_empty_space height=&#8221;40px&#8221;]<div class=\"norebro-heading-sc heading text-left\"\n\tid=\"norebro-custom-69ef777e2835d\" \n\t \n\t>\n\t\n\t\n\t\n\t<h3 class=\"title\">\n\t\tShare it!\t<\/h3>\n\n\t\n\t\t\n<\/div>[\/vc_column][vc_column width=&#8221;6\/12&#8243;][vc_empty_space height=&#8221;40px&#8221;]<div class=\"norebro-socialbar-sc socialbar  text-left inline social-column-3 shadow default\" \n\tid=\"norebro-custom-69ef777e28610\" \n\t \n\t>\n\n\t\t\t<a href=\"https:\/\/twitter.com\/intent\/tweet?text=https:\/\/www.tria.pt\/pt\/cuf-tejo-lisboa\/\" target=\"_blank\" class=\"twitter hover-underline\">\n\t\t\t\t\t\t<i class=\"fab fa-twitter\"><\/i>\n\t\t\t\t\t\t\t\t\t<span class=\"social-text\">Twitter<\/span>\n\t\t\t\t\t<\/a>\n\t\n\t\t\t<a href=\"https:\/\/www.facebook.com\/sharer\/sharer.php?u=https:\/\/www.tria.pt\/pt\/cuf-tejo-lisboa\/\" target=\"_blank\" class=\"facebook hover-underline\">\n\t\t\t\t\t\t<i class=\"fab fa-facebook\"><\/i>\n\t\t\t\t\t\t\t\t\t<span class=\"social-text\">Facebook<\/span>\n\t\t\t\t\t<\/a>\n\t\n\t\n\t\n\t\t\t<a href=\"https:\/\/www.linkedin.com\/shareArticle?mini=true&url=https%3A%2F%2Fwww.tria.pt%2Fpt%2Fcuf-tejo-lisboa%2F&title=title&source=TRIA\" target=\"_blank\" class=\"linkedin hover-underline\">\n\t\t\t\t\t\t<i class=\"fab fa-linkedin\"><\/i>\n\t\t\t\t\t\t\t\t\t<span class=\"social-text\">LinkedIn<\/span>\n\t\t\t\t\t<\/a>\n\t\n\t\n\t\n\t\n\t\n\t\n\t\n\t\n\t\n\t\n\t\n\t\n\t\n\t\n\t\n\t<\/div>[vc_empty_space height=&#8221;40px&#8221;][\/vc_column][vc_column width=&#8221;3\/12&#8243;][\/vc_column][\/vc_row]\n","protected":false},"excerpt":{"rendered":"<p>[vc_row][vc_column][vc_column_text] \u00c9 com orgulho que anunciamos que o novo Hospital CUF Tejo situado em&#8230;<\/p>\n","protected":false},"author":11,"featured_media":5680486,"comment_status":"closed","ping_status":"closed","sticky":false,"template":"","format":"standard","meta":{"inline_featured_image":false,"footnotes":""},"categories":[61],"tags":[],"class_list":["post-5680456","post","type-post","status-publish","format-standard","has-post-thumbnail","hentry","category-business-pt"],"acf":[],"yoast_head":"<!-- This site is optimized with the Yoast SEO plugin v24.3 - https:\/\/yoast.com\/wordpress\/plugins\/seo\/ -->\n<title>CUF Tejo, Lisboa - TRIA<\/title>\n<meta name=\"robots\" content=\"index, follow, max-snippet:-1, max-image-preview:large, max-video-preview:-1\" \/>\n<link rel=\"canonical\" href=\"https:\/\/www.tria.pt\/pt\/cuf-tejo-lisboa\/\" \/>\n<meta property=\"og:locale\" content=\"pt_PT\" \/>\n<meta property=\"og:type\" content=\"article\" \/>\n<meta property=\"og:title\" content=\"CUF Tejo, Lisboa - TRIA\" \/>\n<meta property=\"og:description\" content=\"[vc_row][vc_column][vc_column_text] \u00c9 com orgulho que anunciamos que o novo Hospital CUF Tejo situado em...\" \/>\n<meta property=\"og:url\" content=\"https:\/\/www.tria.pt\/pt\/cuf-tejo-lisboa\/\" \/>\n<meta property=\"og:site_name\" content=\"TRIA\" \/>\n<meta property=\"article:published_time\" content=\"2020-11-10T17:29:43+00:00\" \/>\n<meta property=\"article:modified_time\" content=\"2024-01-16T08:15:20+00:00\" \/>\n<meta property=\"og:image\" content=\"https:\/\/www.tria.pt\/wp-content\/uploads\/2020\/11\/3-1.jpg\" \/>\n\t<meta property=\"og:image:width\" content=\"1900\" \/>\n\t<meta property=\"og:image:height\" content=\"2533\" \/>\n\t<meta property=\"og:image:type\" content=\"image\/jpeg\" \/>\n<meta name=\"author\" content=\"Marketing\" \/>\n<meta name=\"twitter:card\" content=\"summary_large_image\" \/>\n<meta name=\"twitter:label1\" content=\"Written by\" \/>\n\t<meta name=\"twitter:data1\" content=\"Marketing\" \/>\n\t<meta name=\"twitter:label2\" content=\"Est. reading time\" \/>\n\t<meta name=\"twitter:data2\" content=\"1 minute\" \/>\n<script type=\"application\/ld+json\" class=\"yoast-schema-graph\">{\"@context\":\"https:\/\/schema.org\",\"@graph\":[{\"@type\":\"WebPage\",\"@id\":\"https:\/\/www.tria.pt\/pt\/cuf-tejo-lisboa\/\",\"url\":\"https:\/\/www.tria.pt\/pt\/cuf-tejo-lisboa\/\",\"name\":\"CUF Tejo, Lisboa - TRIA\",\"isPartOf\":{\"@id\":\"https:\/\/www.tria.pt\/pt\/#website\"},\"primaryImageOfPage\":{\"@id\":\"https:\/\/www.tria.pt\/pt\/cuf-tejo-lisboa\/#primaryimage\"},\"image\":{\"@id\":\"https:\/\/www.tria.pt\/pt\/cuf-tejo-lisboa\/#primaryimage\"},\"thumbnailUrl\":\"https:\/\/www.tria.pt\/wp-content\/uploads\/2020\/11\/3-1.jpg\",\"datePublished\":\"2020-11-10T17:29:43+00:00\",\"dateModified\":\"2024-01-16T08:15:20+00:00\",\"author\":{\"@id\":\"https:\/\/www.tria.pt\/pt\/#\/schema\/person\/140aff625fb2221b9c172dbea6f3a7bf\"},\"breadcrumb\":{\"@id\":\"https:\/\/www.tria.pt\/pt\/cuf-tejo-lisboa\/#breadcrumb\"},\"inLanguage\":\"pt\",\"potentialAction\":[{\"@type\":\"ReadAction\",\"target\":[\"https:\/\/www.tria.pt\/pt\/cuf-tejo-lisboa\/\"]}]},{\"@type\":\"ImageObject\",\"inLanguage\":\"pt\",\"@id\":\"https:\/\/www.tria.pt\/pt\/cuf-tejo-lisboa\/#primaryimage\",\"url\":\"https:\/\/www.tria.pt\/wp-content\/uploads\/2020\/11\/3-1.jpg\",\"contentUrl\":\"https:\/\/www.tria.pt\/wp-content\/uploads\/2020\/11\/3-1.jpg\",\"width\":\"1900\",\"height\":\"2533\"},{\"@type\":\"BreadcrumbList\",\"@id\":\"https:\/\/www.tria.pt\/pt\/cuf-tejo-lisboa\/#breadcrumb\",\"itemListElement\":[{\"@type\":\"ListItem\",\"position\":1,\"name\":\"Home\",\"item\":\"https:\/\/www.tria.pt\/pt\/\"},{\"@type\":\"ListItem\",\"position\":2,\"name\":\"CUF Tejo, Lisboa\"}]},{\"@type\":\"WebSite\",\"@id\":\"https:\/\/www.tria.pt\/pt\/#website\",\"url\":\"https:\/\/www.tria.pt\/pt\/\",\"name\":\"TRIA\",\"description\":\"Passive Fire Protection and Thermoresistant Solutions\",\"potentialAction\":[{\"@type\":\"SearchAction\",\"target\":{\"@type\":\"EntryPoint\",\"urlTemplate\":\"https:\/\/www.tria.pt\/pt\/?s={search_term_string}\"},\"query-input\":{\"@type\":\"PropertyValueSpecification\",\"valueRequired\":true,\"valueName\":\"search_term_string\"}}],\"inLanguage\":\"pt\"},{\"@type\":\"Person\",\"@id\":\"https:\/\/www.tria.pt\/pt\/#\/schema\/person\/140aff625fb2221b9c172dbea6f3a7bf\",\"name\":\"Marketing\",\"image\":{\"@type\":\"ImageObject\",\"inLanguage\":\"pt\",\"@id\":\"https:\/\/www.tria.pt\/pt\/#\/schema\/person\/image\/\",\"url\":\"https:\/\/secure.gravatar.com\/avatar\/0df590d06366b70db7e239c4cc322d2a?s=96&d=mm&r=g\",\"contentUrl\":\"https:\/\/secure.gravatar.com\/avatar\/0df590d06366b70db7e239c4cc322d2a?s=96&d=mm&r=g\",\"caption\":\"Marketing\"},\"sameAs\":[\"bruno\"],\"url\":\"https:\/\/www.tria.pt\/pt\/author\/marketing\/\"}]}<\/script>\n<!-- \/ Yoast SEO plugin. -->","yoast_head_json":{"title":"CUF Tejo, Lisboa - TRIA","robots":{"index":"index","follow":"follow","max-snippet":"max-snippet:-1","max-image-preview":"max-image-preview:large","max-video-preview":"max-video-preview:-1"},"canonical":"https:\/\/www.tria.pt\/pt\/cuf-tejo-lisboa\/","og_locale":"pt_PT","og_type":"article","og_title":"CUF Tejo, Lisboa - TRIA","og_description":"[vc_row][vc_column][vc_column_text] \u00c9 com orgulho que anunciamos que o novo Hospital CUF Tejo situado em...","og_url":"https:\/\/www.tria.pt\/pt\/cuf-tejo-lisboa\/","og_site_name":"TRIA","article_published_time":"2020-11-10T17:29:43+00:00","article_modified_time":"2024-01-16T08:15:20+00:00","og_image":[{"width":1900,"height":2533,"url":"https:\/\/www.tria.pt\/wp-content\/uploads\/2020\/11\/3-1.jpg","type":"image\/jpeg"}],"author":"Marketing","twitter_card":"summary_large_image","twitter_misc":{"Written by":"Marketing","Est. reading time":"1 minute"},"schema":{"@context":"https:\/\/schema.org","@graph":[{"@type":"WebPage","@id":"https:\/\/www.tria.pt\/pt\/cuf-tejo-lisboa\/","url":"https:\/\/www.tria.pt\/pt\/cuf-tejo-lisboa\/","name":"CUF Tejo, Lisboa - TRIA","isPartOf":{"@id":"https:\/\/www.tria.pt\/pt\/#website"},"primaryImageOfPage":{"@id":"https:\/\/www.tria.pt\/pt\/cuf-tejo-lisboa\/#primaryimage"},"image":{"@id":"https:\/\/www.tria.pt\/pt\/cuf-tejo-lisboa\/#primaryimage"},"thumbnailUrl":"https:\/\/www.tria.pt\/wp-content\/uploads\/2020\/11\/3-1.jpg","datePublished":"2020-11-10T17:29:43+00:00","dateModified":"2024-01-16T08:15:20+00:00","author":{"@id":"https:\/\/www.tria.pt\/pt\/#\/schema\/person\/140aff625fb2221b9c172dbea6f3a7bf"},"breadcrumb":{"@id":"https:\/\/www.tria.pt\/pt\/cuf-tejo-lisboa\/#breadcrumb"},"inLanguage":"pt","potentialAction":[{"@type":"ReadAction","target":["https:\/\/www.tria.pt\/pt\/cuf-tejo-lisboa\/"]}]},{"@type":"ImageObject","inLanguage":"pt","@id":"https:\/\/www.tria.pt\/pt\/cuf-tejo-lisboa\/#primaryimage","url":"https:\/\/www.tria.pt\/wp-content\/uploads\/2020\/11\/3-1.jpg","contentUrl":"https:\/\/www.tria.pt\/wp-content\/uploads\/2020\/11\/3-1.jpg","width":"1900","height":"2533"},{"@type":"BreadcrumbList","@id":"https:\/\/www.tria.pt\/pt\/cuf-tejo-lisboa\/#breadcrumb","itemListElement":[{"@type":"ListItem","position":1,"name":"Home","item":"https:\/\/www.tria.pt\/pt\/"},{"@type":"ListItem","position":2,"name":"CUF Tejo, Lisboa"}]},{"@type":"WebSite","@id":"https:\/\/www.tria.pt\/pt\/#website","url":"https:\/\/www.tria.pt\/pt\/","name":"TRIA","description":"Passive Fire Protection and Thermoresistant Solutions","potentialAction":[{"@type":"SearchAction","target":{"@type":"EntryPoint","urlTemplate":"https:\/\/www.tria.pt\/pt\/?s={search_term_string}"},"query-input":{"@type":"PropertyValueSpecification","valueRequired":true,"valueName":"search_term_string"}}],"inLanguage":"pt"},{"@type":"Person","@id":"https:\/\/www.tria.pt\/pt\/#\/schema\/person\/140aff625fb2221b9c172dbea6f3a7bf","name":"Marketing","image":{"@type":"ImageObject","inLanguage":"pt","@id":"https:\/\/www.tria.pt\/pt\/#\/schema\/person\/image\/","url":"https:\/\/secure.gravatar.com\/avatar\/0df590d06366b70db7e239c4cc322d2a?s=96&d=mm&r=g","contentUrl":"https:\/\/secure.gravatar.com\/avatar\/0df590d06366b70db7e239c4cc322d2a?s=96&d=mm&r=g","caption":"Marketing"},"sameAs":["bruno"],"url":"https:\/\/www.tria.pt\/pt\/author\/marketing\/"}]}},"_links":{"self":[{"href":"https:\/\/www.tria.pt\/pt\/wp-json\/wp\/v2\/posts\/5680456"}],"collection":[{"href":"https:\/\/www.tria.pt\/pt\/wp-json\/wp\/v2\/posts"}],"about":[{"href":"https:\/\/www.tria.pt\/pt\/wp-json\/wp\/v2\/types\/post"}],"author":[{"embeddable":true,"href":"https:\/\/www.tria.pt\/pt\/wp-json\/wp\/v2\/users\/11"}],"replies":[{"embeddable":true,"href":"https:\/\/www.tria.pt\/pt\/wp-json\/wp\/v2\/comments?post=5680456"}],"version-history":[{"count":6,"href":"https:\/\/www.tria.pt\/pt\/wp-json\/wp\/v2\/posts\/5680456\/revisions"}],"predecessor-version":[{"id":5683272,"href":"https:\/\/www.tria.pt\/pt\/wp-json\/wp\/v2\/posts\/5680456\/revisions\/5683272"}],"wp:featuredmedia":[{"embeddable":true,"href":"https:\/\/www.tria.pt\/pt\/wp-json\/wp\/v2\/media\/5680486"}],"wp:attachment":[{"href":"https:\/\/www.tria.pt\/pt\/wp-json\/wp\/v2\/media?parent=5680456"}],"wp:term":[{"taxonomy":"category","embeddable":true,"href":"https:\/\/www.tria.pt\/pt\/wp-json\/wp\/v2\/categories?post=5680456"},{"taxonomy":"post_tag","embeddable":true,"href":"https:\/\/www.tria.pt\/pt\/wp-json\/wp\/v2\/tags?post=5680456"}],"curies":[{"name":"wp","href":"https:\/\/api.w.org\/{rel}","templated":true}]}}